{"id":24156,"global_id":"radolfzell1200.de\/fr\/?id=24156","global_id_lineage":["radolfzell1200.de\/fr\/?id=24156"],"author":"1","status":"publish","date":"2026-03-17 15:50:09","date_utc":"2026-03-17 14:50:09","modified":"2026-04-21 13:31:27","modified_utc":"2026-04-21 11:31:27","url":"https:\/\/radolfzell1200.de\/fr\/veranstaltung\/festival-du-chateau-de-moeggingen-2\/","rest_url":"https:\/\/radolfzell1200.de\/fr\/wp-json\/tribe\/events\/v1\/events\/24156","title":"Festival du ch\u00e2teau de M\u00f6ggingen","description":"<p>SOLDES  <\/p>\n<p>Le dernier week-end de juin, la cour du ch\u00e2teau d&rsquo;eau de M\u00f6ggingen accueille le festival du ch\u00e2teau, reprenant ainsi les l\u00e9gendaires repr\u00e9sentations en plein air de l&rsquo;apr\u00e8s-guerre, dont le point d&rsquo;orgue prestigieux fut la mise en sc\u00e8ne de l&rsquo;ann\u00e9e 1960 pour le 1.200e anniversaire. Cette tradition avait d\u00e9j\u00e0 \u00e9t\u00e9 raviv\u00e9e lors de la \u00ab\u00a0Princesse indienne\u00a0\u00bb pour le 1.250e anniversaire de M\u00f6ggingen en 2010 et du \u00ab\u00a0Spectacle d&rsquo;\u00e9checs vivants\u00a0\u00bb en 2017 sur la place du village de M\u00f6ggingen.  La pi\u00e8ce de th\u00e9\u00e2tre de cette ann\u00e9e met en lumi\u00e8re, entre autres, le cantonnement d&rsquo;officiers fran\u00e7ais au ch\u00e2teau, l&rsquo;implication de certains habitants de M\u00f6gging dans le mouvement national-socialiste, les conflits interpersonnels pendant l&rsquo;occupation et la persistance des id\u00e9es d&rsquo;extr\u00eame droite jusqu&rsquo;\u00e0 nos jours. Le titre de la pi\u00e8ce de cette ann\u00e9e, \u00ab\u00a0Albinle le fant\u00f4me du ch\u00e2teau\u00a0\u00bb, laisse toutefois entendre qu&rsquo;il ne s&rsquo;agira pas seulement de choses s\u00e9rieuses. En plus de la repr\u00e9sentation th\u00e9\u00e2trale, il y aura \u00e0 chaque fois une animation musicale : le 26 juin les \u00ab\u00a0All\u00e4f\u00e4nzig\u00e4\u00a0\u00bb d&rsquo;Immendingen, le 27 juin le groupe \u00ab\u00a0Sound Kitchen\u00a0\u00bb. Le programme sera compl\u00e9t\u00e9 par un apr\u00e8s-midi pour les enfants le samedi, des stands de boissons et de nourriture (\u00ab\u00a0M\u00f6ggingen kocht\u00a0\u00bb) et une illumination du ch\u00e2teau \u00e0 la fin de chaque soir\u00e9e.    <\/p>","excerpt":"","slug":"festival-du-chateau-de-moeggingen-2","image":{"url":"https:\/\/radolfzell1200.de\/wp-content\/uploads\/sites\/17\/2026\/04\/event-9f2324ee-1358-44e0-b83f-aa3f541c5eff-11.jpg","id":32651,"extension":"jpg","width":800,"height":1067,"filesize":566054,"sizes":{"medium":{"width":225,"height":300,"mime-type":"image\/jpeg","filesize":30004,"url":"https:\/\/radolfzell1200.de\/wp-content\/uploads\/sites\/17\/2026\/04\/event-9f2324ee-1358-44e0-b83f-aa3f541c5eff-11-225x300.jpg"},"large":{"width":768,"height":1024,"mime-type":"image\/jpeg","filesize":335035,"url":"https:\/\/radolfzell1200.de\/wp-content\/uploads\/sites\/17\/2026\/04\/event-9f2324ee-1358-44e0-b83f-aa3f541c5eff-11-768x1024.jpg"},"thumbnail":{"width":150,"height":150,"mime-type":"image\/jpeg","filesize":10089,"url":"https:\/\/radolfzell1200.de\/wp-content\/uploads\/sites\/17\/2026\/04\/event-9f2324ee-1358-44e0-b83f-aa3f541c5eff-11-150x150.jpg"},"medium_large":{"width":768,"height":1024,"mime-type":"image\/jpeg","filesize":335035,"url":"https:\/\/radolfzell1200.de\/wp-content\/uploads\/sites\/17\/2026\/04\/event-9f2324ee-1358-44e0-b83f-aa3f541c5eff-11-768x1024.jpg"},"slider-image":{"width":800,"height":400,"mime-type":"image\/jpeg","filesize":148396,"url":"https:\/\/radolfzell1200.de\/wp-content\/uploads\/sites\/17\/2026\/04\/event-9f2324ee-1358-44e0-b83f-aa3f541c5eff-11-800x400.jpg"},"event-teaser":{"width":400,"height":300,"mime-type":"image\/jpeg","filesize":49578,"url":"https:\/\/radolfzell1200.de\/wp-content\/uploads\/sites\/17\/2026\/04\/event-9f2324ee-1358-44e0-b83f-aa3f541c5eff-11-400x300.jpg"},"header-image":{"width":800,"height":400,"mime-type":"image\/jpeg","filesize":148396,"url":"https:\/\/radolfzell1200.de\/wp-content\/uploads\/sites\/17\/2026\/04\/event-9f2324ee-1358-44e0-b83f-aa3f541c5eff-11-800x400.jpg"},"gallery_thumbnail":{"width":400,"height":400,"mime-type":"image\/jpeg","filesize":67306,"url":"https:\/\/radolfzell1200.de\/wp-content\/uploads\/sites\/17\/2026\/04\/event-9f2324ee-1358-44e0-b83f-aa3f541c5eff-11-400x400.jpg"}}},"all_day":false,"start_date":"2026-06-26 17:00:00","start_date_details":{"year":"2026","month":"06","day":"26","hour":"17","minutes":"00","seconds":"00"},"end_date":"2026-06-27 23:00:00","end_date_details":{"year":"2026","month":"06","day":"27","hour":"23","minutes":"00","seconds":"00"},"utc_start_date":"2026-06-26 15:00:00","utc_start_date_details":{"year":"2026","month":"06","day":"26","hour":"15","minutes":"00","seconds":"00"},"utc_end_date":"2026-06-27 21:00:00","utc_end_date_details":{"year":"2026","month":"06","day":"27","hour":"21","minutes":"00","seconds":"00"},"timezone":"Europe\/Berlin","timezone_abbr":"CEST","cost":"","cost_details":{"currency_symbol":"","currency_code":"","currency_position":"","values":[]},"website":"https:\/\/radolfzell1200.de\/fr\/veranstaltung\/festival-du-chateau-de-moeggingen-2\/","show_map":true,"show_map_link":true,"hide_from_listings":false,"sticky":false,"featured":false,"categories":[],"tags":[{"name":"anniversaire de la ville2026","slug":"anniversaire-de-la-ville2026","term_group":0,"term_taxonomy_id":156,"taxonomy":"post_tag","description":"","parent":0,"count":888,"filter":"raw","id":156,"urls":{"self":"https:\/\/radolfzell1200.de\/fr\/wp-json\/tribe\/events\/v1\/tags\/156","collection":"https:\/\/radolfzell1200.de\/fr\/wp-json\/tribe\/events\/v1\/tags"}},{"name":"projets citoyens2026","slug":"projets-citoyens2026","term_group":0,"term_taxonomy_id":158,"taxonomy":"post_tag","description":"","parent":0,"count":761,"filter":"raw","id":158,"urls":{"self":"https:\/\/radolfzell1200.de\/fr\/wp-json\/tribe\/events\/v1\/tags\/158","collection":"https:\/\/radolfzell1200.de\/fr\/wp-json\/tribe\/events\/v1\/tags"}},{"name":"tsr mise en lumi\u00e8re","slug":"tsr-mise-en-lumiere","term_group":0,"term_taxonomy_id":157,"taxonomy":"post_tag","description":"","parent":0,"count":67,"filter":"raw","id":157,"urls":{"self":"https:\/\/radolfzell1200.de\/fr\/wp-json\/tribe\/events\/v1\/tags\/157","collection":"https:\/\/radolfzell1200.de\/fr\/wp-json\/tribe\/events\/v1\/tags"}}],"venue":{"id":13384,"author":"19","status":"publish","date":"2025-12-19 16:28:50","date_utc":"2025-12-19 15:28:50","modified":"2025-12-19 16:28:50","modified_utc":"2025-12-19 15:28:50","url":"https:\/\/radolfzell1200.de\/lieu\/moeggingen-5\/","venue":"M\u00f6ggingen","slug":"moeggingen-5","address":"St.-Gallus-Stra\u00dfe 6","city":"Radolfzell am Bodensee","zip":"78315","json_ld":{"@type":"Place","name":"M\u00f6ggingen","description":"","url":"","address":{"@type":"PostalAddress","streetAddress":"St.-Gallus-Stra\u00dfe 6","addressLocality":"Radolfzell am Bodensee","postalCode":"78315"},"telephone":"","sameAs":""},"show_map":true,"show_map_link":true,"global_id":"radolfzell1200.de\/fr\/?id=13384","global_id_lineage":["radolfzell1200.de\/fr\/?id=13384"]},"organizer":[],"custom_fields":[],"json_ld":{"@context":"http:\/\/schema.org","@type":"Event","name":"Festival du ch\u00e2teau de M\u00f6ggingen","description":"&lt;p&gt;SOLDES Le dernier week-end de juin, la cour du ch\u00e2teau d\\'eau de M\u00f6ggingen accueille le festival du ch\u00e2teau, reprenant ainsi [&hellip;]&lt;\/p&gt;\\n","image":"https:\/\/radolfzell1200.de\/wp-content\/uploads\/sites\/17\/2026\/04\/event-9f2324ee-1358-44e0-b83f-aa3f541c5eff-11.jpg","url":"https:\/\/radolfzell1200.de\/fr\/veranstaltung\/festival-du-chateau-de-moeggingen-2\/","eventAttendanceMode":"https:\/\/schema.org\/OfflineEventAttendanceMode","eventStatus":"https:\/\/schema.org\/EventScheduled","startDate":"2026-06-26T17:00:00+02:00","endDate":"2026-06-27T23:00:00+02:00","location":{"@type":"Place","name":"M\u00f6ggingen","description":"","url":"","address":{"@type":"PostalAddress","streetAddress":"St.-Gallus-Stra\u00dfe 6","addressLocality":"Radolfzell am Bodensee","postalCode":"78315"},"telephone":"","sameAs":""},"performer":"Organization"},"ticketed":false}