{"id":23655,"global_id":"radolfzell1200.de\/fr\/?id=23655","global_id_lineage":["radolfzell1200.de\/fr\/?id=23655"],"author":"1","status":"publish","date":"2026-03-12 17:40:56","date_utc":"2026-03-12 16:40:56","modified":"2026-03-12 17:40:56","modified_utc":"2026-03-12 16:40:56","url":"https:\/\/radolfzell1200.de\/fr\/veranstaltung\/creneaux-horaires-en-centre-ville\/","rest_url":"https:\/\/radolfzell1200.de\/fr\/wp-json\/tribe\/events\/v1\/events\/23655","title":"Cr\u00e9neaux horaires en centre-ville","description":"<p>Les fen\u00eatres temporelles du centre-ville invitent les passants \u00e0 se plonger dans le pass\u00e9 : \u00c0 quoi ressemblait cette partie de la ville autrefois ? Quels b\u00e2timents marquaient le paysage urbain et \u00e0 quoi servaient-ils ? Des illustrations historiques, des croquis et des textes ouvrent sur place des perspectives fascinantes sur la vie d&rsquo;autrefois.  <\/p>\n<p>Les fen\u00eatres temporelles permettent de faire l&rsquo;exp\u00e9rience directe de l&rsquo;histoire &#8211; en plein air, gratuitement et 24 heures sur 24. En faisant vos courses, en vous rendant au travail ou en vous promenant tranquillement : l&rsquo;exposition en plein air offre un acc\u00e8s facile \u00e0 l&rsquo;histoire de la ville et fait entrer le pass\u00e9 dans le pr\u00e9sent. <\/p>\n<p>L&rsquo;ouverture des cr\u00e9neaux horaires aura lieu le lundi 13 avril 2026 \u00e0 16h30 \u00e0 l&rsquo;h\u00f4tel de ville de Radolfzell.<\/p>\n<p>On peut les trouver \u00e0 quatre endroits diff\u00e9rents. Il y en a un qui donne sur la gare en direction de la cath\u00e9drale et un autre sur la Luisenplatz en direction du couvent. Il y en a \u00e9galement une qui donne sur la cath\u00e9drale en direction de la gare et une autre qui donne sur le magasin de jouets Swars en direction de Licht Biller.  <\/p>","excerpt":"","slug":"creneaux-horaires-en-centre-ville","image":{"url":"https:\/\/radolfzell1200.de\/wp-content\/uploads\/sites\/17\/2026\/03\/event-a1486a8f-5db1-4c5e-a214-055e0293e531-1.jpg","id":25355,"extension":"jpg","width":800,"height":533,"filesize":92965,"sizes":{"medium":{"width":300,"height":200,"mime-type":"image\/jpeg","filesize":14567,"url":"https:\/\/radolfzell1200.de\/wp-content\/uploads\/sites\/17\/2026\/03\/event-a1486a8f-5db1-4c5e-a214-055e0293e531-1-300x200.jpg"},"thumbnail":{"width":150,"height":150,"mime-type":"image\/jpeg","filesize":6669,"url":"https:\/\/radolfzell1200.de\/wp-content\/uploads\/sites\/17\/2026\/03\/event-a1486a8f-5db1-4c5e-a214-055e0293e531-1-150x150.jpg"},"medium_large":{"width":768,"height":512,"mime-type":"image\/jpeg","filesize":58971,"url":"https:\/\/radolfzell1200.de\/wp-content\/uploads\/sites\/17\/2026\/03\/event-a1486a8f-5db1-4c5e-a214-055e0293e531-1-768x512.jpg"},"slider-image":{"width":800,"height":400,"mime-type":"image\/jpeg","filesize":51655,"url":"https:\/\/radolfzell1200.de\/wp-content\/uploads\/sites\/17\/2026\/03\/event-a1486a8f-5db1-4c5e-a214-055e0293e531-1-800x400.jpg"},"event-teaser":{"width":400,"height":300,"mime-type":"image\/jpeg","filesize":23460,"url":"https:\/\/radolfzell1200.de\/wp-content\/uploads\/sites\/17\/2026\/03\/event-a1486a8f-5db1-4c5e-a214-055e0293e531-1-400x300.jpg"},"header-image":{"width":800,"height":400,"mime-type":"image\/jpeg","filesize":51655,"url":"https:\/\/radolfzell1200.de\/wp-content\/uploads\/sites\/17\/2026\/03\/event-a1486a8f-5db1-4c5e-a214-055e0293e531-1-800x400.jpg"},"gallery_thumbnail":{"width":400,"height":400,"mime-type":"image\/jpeg","filesize":28797,"url":"https:\/\/radolfzell1200.de\/wp-content\/uploads\/sites\/17\/2026\/03\/event-a1486a8f-5db1-4c5e-a214-055e0293e531-1-400x400.jpg"}}},"all_day":false,"start_date":"2026-04-13 16:30:00","start_date_details":{"year":"2026","month":"04","day":"13","hour":"16","minutes":"30","seconds":"00"},"end_date":"2026-04-13 18:00:00","end_date_details":{"year":"2026","month":"04","day":"13","hour":"18","minutes":"00","seconds":"00"},"utc_start_date":"2026-04-13 14:30:00","utc_start_date_details":{"year":"2026","month":"04","day":"13","hour":"14","minutes":"30","seconds":"00"},"utc_end_date":"2026-04-13 16:00:00","utc_end_date_details":{"year":"2026","month":"04","day":"13","hour":"16","minutes":"00","seconds":"00"},"timezone":"Europe\/Berlin","timezone_abbr":"CEST","cost":"","cost_details":{"currency_symbol":"","currency_code":"","currency_position":"","values":[]},"website":"https:\/\/radolfzell1200.de\/fr\/veranstaltung\/creneaux-horaires-en-centre-ville\/","show_map":true,"show_map_link":true,"hide_from_listings":false,"sticky":false,"featured":false,"categories":[],"tags":[{"name":"anniversaire de la ville2026","slug":"anniversaire-de-la-ville2026","term_group":0,"term_taxonomy_id":156,"taxonomy":"post_tag","description":"","parent":0,"count":842,"filter":"raw","id":156,"urls":{"self":"https:\/\/radolfzell1200.de\/fr\/wp-json\/tribe\/events\/v1\/tags\/156","collection":"https:\/\/radolfzell1200.de\/fr\/wp-json\/tribe\/events\/v1\/tags"}}],"venue":{"id":14125,"author":"19","status":"publish","date":"2025-12-19 16:32:27","date_utc":"2025-12-19 15:32:27","modified":"2025-12-19 16:32:27","modified_utc":"2025-12-19 15:32:27","url":"https:\/\/radolfzell1200.de\/lieu\/radolfzell-am-bodensee-13\/","venue":"Radolfzell am Bodensee","slug":"radolfzell-am-bodensee-13","json_ld":{"@type":"Place","name":"Radolfzell am Bodensee","description":"","url":"","address":{"@type":"PostalAddress"},"telephone":"","sameAs":""},"show_map":true,"show_map_link":true,"global_id":"radolfzell1200.de\/fr\/?id=14125","global_id_lineage":["radolfzell1200.de\/fr\/?id=14125"]},"organizer":[],"custom_fields":[],"json_ld":{"@context":"http:\/\/schema.org","@type":"Event","name":"Cr\u00e9neaux horaires en centre-ville","description":"&lt;p&gt;Les fen\u00eatres temporelles du centre-ville invitent les passants \u00e0 se plonger dans le pass\u00e9 : \u00c0 quoi ressemblait cette partie [&hellip;]&lt;\/p&gt;\\n","image":"https:\/\/radolfzell1200.de\/wp-content\/uploads\/sites\/17\/2026\/03\/event-a1486a8f-5db1-4c5e-a214-055e0293e531-1.jpg","url":"https:\/\/radolfzell1200.de\/fr\/veranstaltung\/creneaux-horaires-en-centre-ville\/","eventAttendanceMode":"https:\/\/schema.org\/OfflineEventAttendanceMode","eventStatus":"https:\/\/schema.org\/EventScheduled","startDate":"2026-04-13T16:30:00+02:00","endDate":"2026-04-13T18:00:00+02:00","location":{"@type":"Place","name":"Radolfzell am Bodensee","description":"","url":"","address":{"@type":"PostalAddress"},"telephone":"","sameAs":""},"performer":"Organization"},"ticketed":false}