{"id":16357,"global_id":"radolfzell1200.de\/fr\/?id=16357","global_id_lineage":["radolfzell1200.de\/fr\/?id=16357"],"author":"1","status":"publish","date":"2026-01-21 21:08:50","date_utc":"2026-01-21 20:08:50","modified":"2026-01-21 21:08:50","modified_utc":"2026-01-21 20:08:50","url":"https:\/\/radolfzell1200.de\/fr\/veranstaltung\/soiree-de-chansons-sceniques-2\/","rest_url":"https:\/\/radolfzell1200.de\/fr\/wp-json\/tribe\/events\/v1\/events\/16357","title":"Soir\u00e9e de chansons sc\u00e9niques","description":"<p><strong>A 1200 ans, c&rsquo;est l\u00e0 que \u00e7a commence vraiment.  <\/strong>ZellAkkorde-Ensemble Zeller Kultur<\/p>\n<p>La Cella Ratoldi f\u00eate ses 1200 ans. Une raison de faire la f\u00eate &#8211; l&rsquo;ensemble ZellAkkorde veut bien s\u00fbr \u00eatre de la partie !   <\/p>\n<p>Mais l&rsquo;histoire de Radolfzell a tellement \u00e0 offrir qu&rsquo;un l\u00e9ger stress s&rsquo;installe pendant le brainstorming : sur quoi se concentrer ? On pourrait jouer des sc\u00e8nes allant de l&rsquo;h\u00f4pital du Saint-Esprit \u00e0 la station thermale de Mettnau. Ou plut\u00f4t chanter les louanges de Viktor von Scheffel ? Qu&rsquo;en est-il des vignobles, de la culture des bars ou de la fontaine de Ratoldus ? Et Schiesser ? Schiesser doit absolument y figurer !       <\/p>\n<p>C&rsquo;est pourquoi les ZellAkkorde racontent cette fois-ci de nombreuses petites histoires de la ville. L&rsquo;accent est mis sur des femmes peu connues dont le destin est li\u00e9 \u00e0 Radolfzell. Mais des personnalit\u00e9s masculines comme Victor von Scheffel ou Jacques Schiesser prennent \u00e9galement la parole et chantent. Le tout se d\u00e9roulant dans des lieux et des institutions de Radolfzell. Une soir\u00e9e d&rsquo;anniversaire au rythme effr\u00e9n\u00e9 !    <\/p>\n<p>Mise en sc\u00e8ne : Anny de Silva &amp; Waltraud Rasch. Direction musicale \/ accord\u00e9on : Gerhard A. Schiewe de Berlin. <\/p>\n<p><strong>Quand et o\u00f9<\/strong><\/p>\n<p>Vendredi 15.05.2026, 20:00 PREMIERE, Samedi 16.05, 20:00, Dimanche 17.05,17:00. Theater Zeller KulturZentrum, F\u00fcrstenbergstra\u00dfe 7a, Radolfzell.   <\/p>\n<p> <strong>Entr\u00e9e<\/strong><\/p>\n<p>Entr\u00e9e souhait\u00e9e : 20 euros. D&rsquo;autres montants sont possibles <em>\u00e0 la caisse du soir<\/em>, en fonction des possibilit\u00e9s financi\u00e8res. Libre choix des places  <\/p>\n<p><strong>Billets\/r\u00e9servations<br \/><\/strong><a href=\"http:\/\/www.zellerkultur.de\">www.zellerkultur.de<\/a> \/ kartenbestellung@zellerkultur.de \/ 07732 89 02 48 5 (AB) ainsi que dans tous les points de vente eventim.  <\/p>","excerpt":"","slug":"soiree-de-chansons-sceniques-2","image":{"url":"https:\/\/radolfzell1200.de\/wp-content\/uploads\/sites\/17\/2026\/01\/event-a0835b5a-047b-4bd9-ad99-fc066f643598-2.jpg","id":17344,"extension":"jpg","width":800,"height":1328,"filesize":348837,"sizes":{"medium":{"width":181,"height":300,"mime-type":"image\/jpeg","filesize":16375,"url":"https:\/\/radolfzell1200.de\/wp-content\/uploads\/sites\/17\/2026\/01\/event-a0835b5a-047b-4bd9-ad99-fc066f643598-2-181x300.jpg"},"large":{"width":617,"height":1024,"mime-type":"image\/jpeg","filesize":143432,"url":"https:\/\/radolfzell1200.de\/wp-content\/uploads\/sites\/17\/2026\/01\/event-a0835b5a-047b-4bd9-ad99-fc066f643598-2-617x1024.jpg"},"thumbnail":{"width":150,"height":150,"mime-type":"image\/jpeg","filesize":7879,"url":"https:\/\/radolfzell1200.de\/wp-content\/uploads\/sites\/17\/2026\/01\/event-a0835b5a-047b-4bd9-ad99-fc066f643598-2-150x150.jpg"},"medium_large":{"width":768,"height":1275,"mime-type":"image\/jpeg","filesize":207489,"url":"https:\/\/radolfzell1200.de\/wp-content\/uploads\/sites\/17\/2026\/01\/event-a0835b5a-047b-4bd9-ad99-fc066f643598-2-768x1275.jpg"},"slider-image":{"width":800,"height":400,"mime-type":"image\/jpeg","filesize":103747,"url":"https:\/\/radolfzell1200.de\/wp-content\/uploads\/sites\/17\/2026\/01\/event-a0835b5a-047b-4bd9-ad99-fc066f643598-2-800x400.jpg"},"event-teaser":{"width":400,"height":300,"mime-type":"image\/jpeg","filesize":34710,"url":"https:\/\/radolfzell1200.de\/wp-content\/uploads\/sites\/17\/2026\/01\/event-a0835b5a-047b-4bd9-ad99-fc066f643598-2-400x300.jpg"},"header-image":{"width":800,"height":400,"mime-type":"image\/jpeg","filesize":103747,"url":"https:\/\/radolfzell1200.de\/wp-content\/uploads\/sites\/17\/2026\/01\/event-a0835b5a-047b-4bd9-ad99-fc066f643598-2-800x400.jpg"},"gallery_thumbnail":{"width":400,"height":400,"mime-type":"image\/jpeg","filesize":44745,"url":"https:\/\/radolfzell1200.de\/wp-content\/uploads\/sites\/17\/2026\/01\/event-a0835b5a-047b-4bd9-ad99-fc066f643598-2-400x400.jpg"}}},"all_day":false,"start_date":"2026-05-15 20:00:00","start_date_details":{"year":"2026","month":"05","day":"15","hour":"20","minutes":"00","seconds":"00"},"end_date":"2026-05-15 22:00:00","end_date_details":{"year":"2026","month":"05","day":"15","hour":"22","minutes":"00","seconds":"00"},"utc_start_date":"2026-05-15 18:00:00","utc_start_date_details":{"year":"2026","month":"05","day":"15","hour":"18","minutes":"00","seconds":"00"},"utc_end_date":"2026-05-15 20:00:00","utc_end_date_details":{"year":"2026","month":"05","day":"15","hour":"20","minutes":"00","seconds":"00"},"timezone":"Europe\/Berlin","timezone_abbr":"CEST","cost":"","cost_details":{"currency_symbol":"","currency_code":"","currency_position":"","values":[]},"website":"https:\/\/radolfzell1200.de\/fr\/veranstaltung\/soiree-de-chansons-sceniques-2\/","show_map":true,"show_map_link":true,"hide_from_listings":false,"sticky":false,"featured":false,"categories":[],"tags":[],"venue":[],"organizer":[],"custom_fields":[],"json_ld":{"@context":"http:\/\/schema.org","@type":"Event","name":"Soir\u00e9e de chansons sc\u00e9niques","description":"&lt;p&gt;A 1200 ans, c\\'est l\u00e0 que \u00e7a commence vraiment. ZellAkkorde-Ensemble Zeller Kultur La Cella Ratoldi f\u00eate ses 1200 ans. Une [&hellip;]&lt;\/p&gt;\\n","image":"https:\/\/radolfzell1200.de\/wp-content\/uploads\/sites\/17\/2026\/01\/event-a0835b5a-047b-4bd9-ad99-fc066f643598-2.jpg","url":"https:\/\/radolfzell1200.de\/fr\/veranstaltung\/soiree-de-chansons-sceniques-2\/","eventAttendanceMode":"https:\/\/schema.org\/OfflineEventAttendanceMode","eventStatus":"https:\/\/schema.org\/EventScheduled","startDate":"2026-05-15T20:00:00+02:00","endDate":"2026-05-15T22:00:00+02:00","performer":"Organization"},"ticketed":false}