{"id":16047,"global_id":"radolfzell1200.de\/fr\/?id=16047","global_id_lineage":["radolfzell1200.de\/fr\/?id=16047"],"author":"1","status":"publish","date":"2026-01-21 19:11:25","date_utc":"2026-01-21 18:11:25","modified":"2026-01-27 14:32:04","modified_utc":"2026-01-27 13:32:04","url":"https:\/\/radolfzell1200.de\/fr\/veranstaltung\/brise-mon-coeur\/","rest_url":"https:\/\/radolfzell1200.de\/fr\/wp-json\/tribe\/events\/v1\/events\/16047","title":"Brise mon c\u0153ur","description":"<p>Une r\u00e9flexion interreligieuse sur le d\u00e9part, le voyage et l&rsquo;arriv\u00e9e en deux \u00e9tapes Fond\u00e9e par l&rsquo;\u00e9v\u00eaque Radolt de V\u00e9rone en 826, la \u00ab\u00a0cellule Radolf\u00a0\u00bb est toujours une demeure de pri\u00e8re dans l&rsquo;actuelle \u00ab\u00a0cath\u00e9drale Notre-Dame\u00a0\u00bb. Elle t\u00e9moigne du courage de suivre une impulsion int\u00e9rieure pour aller de l&rsquo;avant et de la confiance que, o\u00f9 que nous soyons, la relation avec le divin, l&rsquo;essence int\u00e9rieure, demeure. En ce sens, c&rsquo;est aussi un encouragement \u00e0 l&rsquo;\u00e9chec, \u00e0 suivre son c\u0153ur et son esprit. Et c&rsquo;est toujours un pas vers l&rsquo;inconnu, un pas vers l&rsquo;\u00e9tranger &#8211; qui doit d&rsquo;abord devenir une patrie.   <\/p>\n<p><strong>\u00a0\u00bb 1\u00e8re station : \u00ab\u00a0Partir\u00a0\u00bb 17.07.26, 18h30<\/strong><\/p>\n<p>Une c\u00e9r\u00e9monie de pri\u00e8re interreligieuse avec des repr\u00e9sentants de diff\u00e9rentes religions \u00e0 la cath\u00e9drale, suivie d&rsquo;un \u00e9change interreligieux \u00e0 la Friedrich-Werber-Haus &#8211; avec des interm\u00e8des musicaux.<\/p>\n<p><strong>\u00a0\u00bb 2\u00e8me station : \u00ab\u00a0\u00catre en route &amp; arriver\u00a0\u00bb 24.07.26, 18h<\/strong><\/p>\n<p>Un \u00e9change interreligieux dans l&rsquo;\u00e9glise \u00e9vang\u00e9lique\/la maison communale &#8211; avec des interm\u00e8des musicaux.<\/p>","excerpt":"","slug":"brise-mon-coeur","image":{"url":"https:\/\/radolfzell1200.de\/wp-content\/uploads\/sites\/17\/2026\/04\/event-9fe20923-9143-4622-9a29-e9ebf9f7d93b-12.jpg","id":32175,"extension":"jpg","width":800,"height":1067,"filesize":468388,"sizes":{"medium":{"width":225,"height":300,"mime-type":"image\/jpeg","filesize":23094,"url":"https:\/\/radolfzell1200.de\/wp-content\/uploads\/sites\/17\/2026\/04\/event-9fe20923-9143-4622-9a29-e9ebf9f7d93b-12-225x300.jpg"},"large":{"width":768,"height":1024,"mime-type":"image\/jpeg","filesize":276492,"url":"https:\/\/radolfzell1200.de\/wp-content\/uploads\/sites\/17\/2026\/04\/event-9fe20923-9143-4622-9a29-e9ebf9f7d93b-12-768x1024.jpg"},"thumbnail":{"width":150,"height":150,"mime-type":"image\/jpeg","filesize":8421,"url":"https:\/\/radolfzell1200.de\/wp-content\/uploads\/sites\/17\/2026\/04\/event-9fe20923-9143-4622-9a29-e9ebf9f7d93b-12-150x150.jpg"},"medium_large":{"width":768,"height":1024,"mime-type":"image\/jpeg","filesize":276492,"url":"https:\/\/radolfzell1200.de\/wp-content\/uploads\/sites\/17\/2026\/04\/event-9fe20923-9143-4622-9a29-e9ebf9f7d93b-12-768x1024.jpg"},"slider-image":{"width":800,"height":400,"mime-type":"image\/jpeg","filesize":134097,"url":"https:\/\/radolfzell1200.de\/wp-content\/uploads\/sites\/17\/2026\/04\/event-9fe20923-9143-4622-9a29-e9ebf9f7d93b-12-800x400.jpg"},"event-teaser":{"width":400,"height":300,"mime-type":"image\/jpeg","filesize":45110,"url":"https:\/\/radolfzell1200.de\/wp-content\/uploads\/sites\/17\/2026\/04\/event-9fe20923-9143-4622-9a29-e9ebf9f7d93b-12-400x300.jpg"},"header-image":{"width":800,"height":400,"mime-type":"image\/jpeg","filesize":134097,"url":"https:\/\/radolfzell1200.de\/wp-content\/uploads\/sites\/17\/2026\/04\/event-9fe20923-9143-4622-9a29-e9ebf9f7d93b-12-800x400.jpg"},"gallery_thumbnail":{"width":400,"height":400,"mime-type":"image\/jpeg","filesize":58104,"url":"https:\/\/radolfzell1200.de\/wp-content\/uploads\/sites\/17\/2026\/04\/event-9fe20923-9143-4622-9a29-e9ebf9f7d93b-12-400x400.jpg"}}},"all_day":false,"start_date":"2026-07-17 18:30:00","start_date_details":{"year":"2026","month":"07","day":"17","hour":"18","minutes":"30","seconds":"00"},"end_date":"2026-07-17 20:00:00","end_date_details":{"year":"2026","month":"07","day":"17","hour":"20","minutes":"00","seconds":"00"},"utc_start_date":"2026-07-17 16:30:00","utc_start_date_details":{"year":"2026","month":"07","day":"17","hour":"16","minutes":"30","seconds":"00"},"utc_end_date":"2026-07-17 18:00:00","utc_end_date_details":{"year":"2026","month":"07","day":"17","hour":"18","minutes":"00","seconds":"00"},"timezone":"Europe\/Berlin","timezone_abbr":"CEST","cost":"","cost_details":{"currency_symbol":"","currency_code":"","currency_position":"","values":[]},"website":"https:\/\/radolfzell1200.de\/fr\/veranstaltung\/brise-mon-coeur\/","show_map":true,"show_map_link":true,"hide_from_listings":false,"sticky":false,"featured":false,"categories":[],"tags":[{"name":"anniversaire de la ville2026","slug":"anniversaire-de-la-ville2026","term_group":0,"term_taxonomy_id":156,"taxonomy":"post_tag","description":"","parent":0,"count":871,"filter":"raw","id":156,"urls":{"self":"https:\/\/radolfzell1200.de\/fr\/wp-json\/tribe\/events\/v1\/tags\/156","collection":"https:\/\/radolfzell1200.de\/fr\/wp-json\/tribe\/events\/v1\/tags"}},{"name":"tsr mise en lumi\u00e8re","slug":"tsr-mise-en-lumiere","term_group":0,"term_taxonomy_id":157,"taxonomy":"post_tag","description":"","parent":0,"count":67,"filter":"raw","id":157,"urls":{"self":"https:\/\/radolfzell1200.de\/fr\/wp-json\/tribe\/events\/v1\/tags\/157","collection":"https:\/\/radolfzell1200.de\/fr\/wp-json\/tribe\/events\/v1\/tags"}}],"venue":[],"organizer":[],"custom_fields":[],"json_ld":{"@context":"http:\/\/schema.org","@type":"Event","name":"Brise mon c\u0153ur","description":"&lt;p&gt;Une r\u00e9flexion interreligieuse sur le d\u00e9part, le voyage et l\\'arriv\u00e9e en deux \u00e9tapes Fond\u00e9e par l\\'\u00e9v\u00eaque Radolt de V\u00e9rone en [&hellip;]&lt;\/p&gt;\\n","image":"https:\/\/radolfzell1200.de\/wp-content\/uploads\/sites\/17\/2026\/04\/event-9fe20923-9143-4622-9a29-e9ebf9f7d93b-12.jpg","url":"https:\/\/radolfzell1200.de\/fr\/veranstaltung\/brise-mon-coeur\/","eventAttendanceMode":"https:\/\/schema.org\/OfflineEventAttendanceMode","eventStatus":"https:\/\/schema.org\/EventScheduled","startDate":"2026-07-17T18:30:00+02:00","endDate":"2026-07-17T20:00:00+02:00","performer":"Organization"},"ticketed":false}