{"id":15969,"global_id":"radolfzell1200.de\/fr\/?id=15969","global_id_lineage":["radolfzell1200.de\/fr\/?id=15969"],"author":"1","status":"publish","date":"2026-01-21 19:09:12","date_utc":"2026-01-21 18:09:12","modified":"2026-04-10 15:41:57","modified_utc":"2026-04-10 13:41:57","url":"https:\/\/radolfzell1200.de\/fr\/veranstaltung\/lecture-du-roman-historique-du-lac-de-constance-temps-de-chuchotement-petra-palumbo\/","rest_url":"https:\/\/radolfzell1200.de\/fr\/wp-json\/tribe\/events\/v1\/events\/15969","title":"Lecture du roman historique du lac de Constance \u00ab\u00a0Temps de chuchotement\u00a0\u00bb &#8211; Petra Palumbo","description":"<p><strong>\u00ab\u00a0Fl\u00fcsterzeit &#8211; zwischen Herkunft und Sehnsucht\u00a0\u00bb <\/strong>raconte l&rsquo;histoire \u00e9mouvante de la famille Manogg sur plusieurs g\u00e9n\u00e9rations. Enracin\u00e9s dans le paysage pittoresque entre le lac de Constance, l&rsquo;Hegau et le Jura souabe, les descendants luttent contre les ombres du pass\u00e9 et les d\u00e9fis d&rsquo;un avenir incertain. Des troubles de l&rsquo;Empire allemand \u00e0 l&rsquo;effondrement de la R\u00e9publique de Weimar, les destins personnels s&rsquo;entrem\u00ealent avec les grands bouleversements de l&rsquo;\u00e9poque. Entre la province du sud de l&rsquo;Allemagne et les m\u00e9tropoles tr\u00e9pidantes se d\u00e9roule la vie d&rsquo;une famille qui part en voyage sans renier ses origines. Un roman captivant sur la patrie, le d\u00e9part, la perte et le nouveau d\u00e9part et un t\u00e9moignage impressionnant sur l&rsquo;\u00e9poque.    <\/p>\n<p><strong>\u00ab\u00a0Temps de chuchotement &#8211; entre origine et nostalgie\u00a0\u00bb<\/strong> est le premier roman historique de Petra Palumbo, connue jusqu&rsquo;\u00e0 pr\u00e9sent comme auteur de romans policiers sous le nom de Luzi van Gisteren. N\u00e9e en 1973 \u00e0 Singen am Hohentwiel, Petra Palumbo a \u00e9tudi\u00e9 la gestion d&rsquo;entreprise avant de travailler pendant plus de vingt ans pour un groupe international \u00e0 Munich. Elle vit aujourd&rsquo;hui avec sa famille \u00e0 Radolfzell, au bord du lac de Constance, o\u00f9 se trouvent les racines de son p\u00e8re. L&rsquo;\u00e9criture est sa passion depuis sa plus tendre enfance : elle a \u00e9crit son premier livre \u00e0 l&rsquo;\u00e2ge de 13 ans. Depuis de nombreuses ann\u00e9es, elle enseigne l&rsquo;\u00e9criture cr\u00e9ative aux jeunes et aux adultes, notamment \u00e0 l&rsquo;universit\u00e9 populaire et dans le cadre de projets d&rsquo;\u00e9ducation litt\u00e9raire. Sur le plan professionnel, elle travaille dans le marketing.     <\/p>\n<p>L&rsquo;entr\u00e9e est gratuite.  <\/p>\n<p>Veuillez vous inscrire :<br \/>museum@radolfzell.de<br \/>ou t\u00e9l. 07732\/81-530 (jeu-dim, 11h-17h) <\/p>","excerpt":"","slug":"lecture-du-roman-historique-du-lac-de-constance-temps-de-chuchotement-petra-palumbo","image":{"url":"https:\/\/radolfzell1200.de\/wp-content\/uploads\/sites\/17\/2026\/04\/event-9f776631-fb45-4f74-8177-a9f31952d358-11.jpg","id":31882,"extension":"jpg","width":800,"height":533,"filesize":168937,"sizes":{"medium":{"width":300,"height":200,"mime-type":"image\/jpeg","filesize":21872,"url":"https:\/\/radolfzell1200.de\/wp-content\/uploads\/sites\/17\/2026\/04\/event-9f776631-fb45-4f74-8177-a9f31952d358-11-300x200.jpg"},"thumbnail":{"width":150,"height":150,"mime-type":"image\/jpeg","filesize":8645,"url":"https:\/\/radolfzell1200.de\/wp-content\/uploads\/sites\/17\/2026\/04\/event-9f776631-fb45-4f74-8177-a9f31952d358-11-150x150.jpg"},"medium_large":{"width":768,"height":512,"mime-type":"image\/jpeg","filesize":102194,"url":"https:\/\/radolfzell1200.de\/wp-content\/uploads\/sites\/17\/2026\/04\/event-9f776631-fb45-4f74-8177-a9f31952d358-11-768x512.jpg"},"slider-image":{"width":800,"height":400,"mime-type":"image\/jpeg","filesize":92612,"url":"https:\/\/radolfzell1200.de\/wp-content\/uploads\/sites\/17\/2026\/04\/event-9f776631-fb45-4f74-8177-a9f31952d358-11-800x400.jpg"},"event-teaser":{"width":400,"height":300,"mime-type":"image\/jpeg","filesize":37276,"url":"https:\/\/radolfzell1200.de\/wp-content\/uploads\/sites\/17\/2026\/04\/event-9f776631-fb45-4f74-8177-a9f31952d358-11-400x300.jpg"},"header-image":{"width":800,"height":400,"mime-type":"image\/jpeg","filesize":92612,"url":"https:\/\/radolfzell1200.de\/wp-content\/uploads\/sites\/17\/2026\/04\/event-9f776631-fb45-4f74-8177-a9f31952d358-11-800x400.jpg"},"gallery_thumbnail":{"width":400,"height":400,"mime-type":"image\/jpeg","filesize":43104,"url":"https:\/\/radolfzell1200.de\/wp-content\/uploads\/sites\/17\/2026\/04\/event-9f776631-fb45-4f74-8177-a9f31952d358-11-400x400.jpg"}}},"all_day":false,"start_date":"2026-10-16 19:00:00","start_date_details":{"year":"2026","month":"10","day":"16","hour":"19","minutes":"00","seconds":"00"},"end_date":"2026-10-16 20:30:00","end_date_details":{"year":"2026","month":"10","day":"16","hour":"20","minutes":"30","seconds":"00"},"utc_start_date":"2026-10-16 17:00:00","utc_start_date_details":{"year":"2026","month":"10","day":"16","hour":"17","minutes":"00","seconds":"00"},"utc_end_date":"2026-10-16 18:30:00","utc_end_date_details":{"year":"2026","month":"10","day":"16","hour":"18","minutes":"30","seconds":"00"},"timezone":"Europe\/Berlin","timezone_abbr":"CEST","cost":"","cost_details":{"currency_symbol":"","currency_code":"","currency_position":"","values":[]},"website":"https:\/\/radolfzell1200.de\/fr\/veranstaltung\/lecture-du-roman-historique-du-lac-de-constance-temps-de-chuchotement-petra-palumbo\/","show_map":true,"show_map_link":true,"hide_from_listings":false,"sticky":false,"featured":false,"categories":[],"tags":[{"name":"anniversaire de la ville2026","slug":"anniversaire-de-la-ville2026","term_group":0,"term_taxonomy_id":156,"taxonomy":"post_tag","description":"","parent":0,"count":868,"filter":"raw","id":156,"urls":{"self":"https:\/\/radolfzell1200.de\/fr\/wp-json\/tribe\/events\/v1\/tags\/156","collection":"https:\/\/radolfzell1200.de\/fr\/wp-json\/tribe\/events\/v1\/tags"}},{"name":"tsr mise en lumi\u00e8re","slug":"tsr-mise-en-lumiere","term_group":0,"term_taxonomy_id":157,"taxonomy":"post_tag","description":"","parent":0,"count":67,"filter":"raw","id":157,"urls":{"self":"https:\/\/radolfzell1200.de\/fr\/wp-json\/tribe\/events\/v1\/tags\/157","collection":"https:\/\/radolfzell1200.de\/fr\/wp-json\/tribe\/events\/v1\/tags"}}],"venue":{"id":15304,"author":"19","status":"publish","date":"2026-01-12 12:17:54","date_utc":"2026-01-12 11:17:54","modified":"2026-01-12 12:17:54","modified_utc":"2026-01-12 11:17:54","url":"https:\/\/radolfzell1200.de\/fr\/lieu\/villa-bosch-9\/","venue":"Villa Bosch","slug":"villa-bosch-9","address":"8, rue Scheffel","city":"Radolfzell au bord du lac de Constance","zip":"78315","json_ld":{"@type":"Place","name":"Villa Bosch","description":"","url":"","address":{"@type":"PostalAddress","streetAddress":"8, rue Scheffel","addressLocality":"Radolfzell au bord du lac de Constance","postalCode":"78315"},"telephone":"","sameAs":""},"show_map":true,"show_map_link":true,"global_id":"radolfzell1200.de\/fr\/?id=15304","global_id_lineage":["radolfzell1200.de\/fr\/?id=15304"]},"organizer":[],"custom_fields":[],"json_ld":{"@context":"http:\/\/schema.org","@type":"Event","name":"Lecture du roman historique du lac de Constance \u00ab\u00a0Temps de chuchotement\u00a0\u00bb &#8211; Petra Palumbo","description":"&lt;p&gt;&quot;Fl\u00fcsterzeit - zwischen Herkunft und Sehnsucht&quot; raconte l\\'histoire \u00e9mouvante de la famille Manogg sur plusieurs g\u00e9n\u00e9rations. Enracin\u00e9s dans le paysage [&hellip;]&lt;\/p&gt;\\n","image":"https:\/\/radolfzell1200.de\/wp-content\/uploads\/sites\/17\/2026\/04\/event-9f776631-fb45-4f74-8177-a9f31952d358-11.jpg","url":"https:\/\/radolfzell1200.de\/fr\/veranstaltung\/lecture-du-roman-historique-du-lac-de-constance-temps-de-chuchotement-petra-palumbo\/","eventAttendanceMode":"https:\/\/schema.org\/OfflineEventAttendanceMode","eventStatus":"https:\/\/schema.org\/EventScheduled","startDate":"2026-10-16T19:00:00+02:00","endDate":"2026-10-16T20:30:00+02:00","location":{"@type":"Place","name":"Villa Bosch","description":"","url":"","address":{"@type":"PostalAddress","streetAddress":"8, rue Scheffel","addressLocality":"Radolfzell au bord du lac de Constance","postalCode":"78315"},"telephone":"","sameAs":""},"performer":"Organization"},"ticketed":false}