{"id":15815,"global_id":"radolfzell1200.de\/fr\/?id=15815","global_id_lineage":["radolfzell1200.de\/fr\/?id=15815"],"author":"1","status":"publish","date":"2026-01-21 19:05:53","date_utc":"2026-01-21 18:05:53","modified":"2026-02-06 14:22:04","modified_utc":"2026-02-06 13:22:04","url":"https:\/\/radolfzell1200.de\/fr\/veranstaltung\/du-grain-au-pain-une-breve-histoire-du-pain\/","rest_url":"https:\/\/radolfzell1200.de\/fr\/wp-json\/tribe\/events\/v1\/events\/15815","title":"Du grain au pain &#8211; une br\u00e8ve histoire du pain","description":"<p>L&rsquo;association \u00ab\u00a0M\u00f6gginger Backh\u00fcsle\u00a0\u00bb et le jardin communautaire de M\u00f6ggingen s&rsquo;associent pour faire vivre l&rsquo;histoire du pain &#8211; bien au-del\u00e0 des 1 200 derni\u00e8res ann\u00e9es &#8211; au mois de juin. Ils suivent le chemin du grain jusqu&rsquo;au pain fini, mais aussi l&rsquo;histoire du pain au cours des si\u00e8cles pass\u00e9s. En proposant des activit\u00e9s pratiques, les deux associations souhaitent \u00e9veiller l&rsquo;int\u00e9r\u00eat pour la fabrication du pain et montrer que le pain est plus qu&rsquo;un aliment de base.  <\/p>\n<p><strong>02-30.06.26<\/strong><br \/>\u00a0\u00bb Exposition \u00ab\u00a0Du grain au pain\u00a0\u00bb dans les locaux<br \/>du BUND M\u00f6ggingen<br \/>\u00a0\u00bb Panneaux d&rsquo;affichage dans le jardin communautaire de M\u00f6ggingen sur<br \/>vari\u00e9t\u00e9s de c\u00e9r\u00e9ales<br \/><strong><br \/>11.06.26 \u00e0 19h<\/strong><br \/>Conf\u00e9rence \u00ab\u00a0M\u00fchlen in und um Radolfzell und M\u00f6ggingen\u00a0\u00bb (Moulins \u00e0 et autour de Radolfzell et M\u00f6ggingen) \u00e0<br \/>Dorfgemeinschaftshaus<br \/><strong><br \/>12.06.26 \u00e0 19h<\/strong><br \/>Conf\u00e9rence \u00ab\u00a0Tout sur la fabrication du pain\u00a0\u00bb \u00e0 la maison communale du village<strong><\/p>\n<p>13. &amp; 14.06.26<\/strong><br \/>Cuisson et d\u00e9gustation de pain \u00e0 la boulangerie M\u00f6gginger Backh\u00fcsle, visite guid\u00e9e<br \/>\u00e0 travers le jardin communautaire (inscription obligatoire)<\/p>\n<p><\/p>","excerpt":"","slug":"du-grain-au-pain-une-breve-histoire-du-pain","image":{"url":"https:\/\/radolfzell1200.de\/wp-content\/uploads\/sites\/17\/2026\/02\/event-9f22c5b6-61c7-4fda-a90a-52382821e24b-2.jpg","id":19345,"extension":"jpg","width":800,"height":600,"filesize":159755,"sizes":{"medium":{"width":300,"height":225,"mime-type":"image\/jpeg","filesize":18300,"url":"https:\/\/radolfzell1200.de\/wp-content\/uploads\/sites\/17\/2026\/02\/event-9f22c5b6-61c7-4fda-a90a-52382821e24b-2-300x225.jpg"},"thumbnail":{"width":150,"height":150,"mime-type":"image\/jpeg","filesize":7220,"url":"https:\/\/radolfzell1200.de\/wp-content\/uploads\/sites\/17\/2026\/02\/event-9f22c5b6-61c7-4fda-a90a-52382821e24b-2-150x150.jpg"},"medium_large":{"width":768,"height":576,"mime-type":"image\/jpeg","filesize":93238,"url":"https:\/\/radolfzell1200.de\/wp-content\/uploads\/sites\/17\/2026\/02\/event-9f22c5b6-61c7-4fda-a90a-52382821e24b-2-768x576.jpg"},"slider-image":{"width":800,"height":400,"mime-type":"image\/jpeg","filesize":76819,"url":"https:\/\/radolfzell1200.de\/wp-content\/uploads\/sites\/17\/2026\/02\/event-9f22c5b6-61c7-4fda-a90a-52382821e24b-2-800x400.jpg"},"event-teaser":{"width":400,"height":300,"mime-type":"image\/jpeg","filesize":29548,"url":"https:\/\/radolfzell1200.de\/wp-content\/uploads\/sites\/17\/2026\/02\/event-9f22c5b6-61c7-4fda-a90a-52382821e24b-2-400x300.jpg"},"header-image":{"width":800,"height":400,"mime-type":"image\/jpeg","filesize":76819,"url":"https:\/\/radolfzell1200.de\/wp-content\/uploads\/sites\/17\/2026\/02\/event-9f22c5b6-61c7-4fda-a90a-52382821e24b-2-800x400.jpg"},"gallery_thumbnail":{"width":400,"height":400,"mime-type":"image\/jpeg","filesize":38608,"url":"https:\/\/radolfzell1200.de\/wp-content\/uploads\/sites\/17\/2026\/02\/event-9f22c5b6-61c7-4fda-a90a-52382821e24b-2-400x400.jpg"}}},"all_day":false,"start_date":"2026-06-02 00:01:00","start_date_details":{"year":"2026","month":"06","day":"02","hour":"00","minutes":"01","seconds":"00"},"end_date":"2026-06-30 23:59:00","end_date_details":{"year":"2026","month":"06","day":"30","hour":"23","minutes":"59","seconds":"00"},"utc_start_date":"2026-06-01 22:01:00","utc_start_date_details":{"year":"2026","month":"06","day":"01","hour":"22","minutes":"01","seconds":"00"},"utc_end_date":"2026-06-30 21:59:00","utc_end_date_details":{"year":"2026","month":"06","day":"30","hour":"21","minutes":"59","seconds":"00"},"timezone":"Europe\/Berlin","timezone_abbr":"CEST","cost":"","cost_details":{"currency_symbol":"","currency_code":"","currency_position":"","values":[]},"website":"https:\/\/radolfzell1200.de\/fr\/veranstaltung\/du-grain-au-pain-une-breve-histoire-du-pain\/","show_map":true,"show_map_link":true,"hide_from_listings":false,"sticky":false,"featured":false,"categories":[],"tags":[],"venue":{"id":18488,"status":"publish","date":"2026-02-03 18:20:23","date_utc":"2026-02-03 17:20:23","modified":"2026-02-03 18:20:23","modified_utc":"2026-02-03 17:20:23","url":"https:\/\/radolfzell1200.de\/fr\/lieu\/cafe-mindelsee\/","venue":"Caf\u00e9 Mindelsee","slug":"cafe-mindelsee","address":"2, rue M\u00fchlbach","city":"Radolfzell au bord du lac de Constance","zip":"78315","json_ld":{"@type":"Place","name":"Caf\u00e9 Mindelsee","description":"","url":"","address":{"@type":"PostalAddress","streetAddress":"2, rue M\u00fchlbach","addressLocality":"Radolfzell au bord du lac de Constance","postalCode":"78315"},"telephone":"","sameAs":""},"show_map":true,"show_map_link":true,"global_id":"radolfzell1200.de\/fr\/?id=18488","global_id_lineage":["radolfzell1200.de\/fr\/?id=18488"]},"organizer":[],"custom_fields":[],"json_ld":{"@context":"http:\/\/schema.org","@type":"Event","name":"Du grain au pain &#8211; une br\u00e8ve histoire du pain","description":"&lt;p&gt;L\\'association &quot;M\u00f6gginger Backh\u00fcsle&quot; et le jardin communautaire de M\u00f6ggingen s\\'associent pour faire vivre l\\'histoire du pain - bien au-del\u00e0 des [&hellip;]&lt;\/p&gt;\\n","image":"https:\/\/radolfzell1200.de\/wp-content\/uploads\/sites\/17\/2026\/02\/event-9f22c5b6-61c7-4fda-a90a-52382821e24b-2.jpg","url":"https:\/\/radolfzell1200.de\/fr\/veranstaltung\/du-grain-au-pain-une-breve-histoire-du-pain\/","eventAttendanceMode":"https:\/\/schema.org\/OfflineEventAttendanceMode","eventStatus":"https:\/\/schema.org\/EventScheduled","startDate":"2026-06-02T00:01:00+02:00","endDate":"2026-06-30T23:59:00+02:00","location":{"@type":"Place","name":"Caf\u00e9 Mindelsee","description":"","url":"","address":{"@type":"PostalAddress","streetAddress":"2, rue M\u00fchlbach","addressLocality":"Radolfzell au bord du lac de Constance","postalCode":"78315"},"telephone":"","sameAs":""},"performer":"Organization"},"ticketed":false}